{"id":2583,"date":"2026-04-30T09:29:11","date_gmt":"2026-04-30T12:29:11","guid":{"rendered":"https:\/\/ascbeneditafernandes.com.br\/asc\/?p=2583"},"modified":"2026-04-30T09:29:33","modified_gmt":"2026-04-30T12:29:33","slug":"trabalho-e-saude-mental","status":"publish","type":"post","link":"https:\/\/ascbeneditafernandes.com.br\/asc\/trabalho-e-saude-mental\/","title":{"rendered":"Trabalho e sa\u00fade mental"},"content":{"rendered":"\n<p>*Amanda Giomo Delalata<\/p>\n\n\n\n<p>O Dia do Trabalhador, comemorado em todo 1\u00ba de maio, convida n\u00e3o apenas \u00e0 celebra\u00e7\u00e3o das conquistas hist\u00f3ricas da classe trabalhadora, mas tamb\u00e9m \u00e0 reflex\u00e3o sobre os desafios contempor\u00e2neos que atravessam o mundo do trabalho. Em um cen\u00e1rio marcado por r\u00e1pidas transforma\u00e7\u00f5es tecnol\u00f3gicas, flexibiliza\u00e7\u00e3o de v\u00ednculos e crescente instabilidade, o trabalhador enfrenta press\u00f5es que v\u00e3o al\u00e9m das demandas produtivas e atingem diretamente sua sa\u00fade mental.<\/p>\n\n\n\n<p>A precariza\u00e7\u00e3o das rela\u00e7\u00f5es de trabalho, os baixos sal\u00e1rios e a exig\u00eancia por alta performance constante comp\u00f5em um ambiente muitas vezes desgastante. Segundo dados do Instituto Brasileiro de Geografia e Estat\u00edstica (IBGE), o avan\u00e7o da informalidade e a redu\u00e7\u00e3o de garantias trabalhistas t\u00eam impacto direto na qualidade de vida. Soma-se a isso a cultura da urg\u00eancia, em que prazos curtos e metas elevadas criam um ciclo cont\u00ednuo de tens\u00e3o.<\/p>\n\n\n\n<p>O excesso de press\u00e3o no ambiente profissional pode desencadear quadros de ansiedade e esgotamento emocional. Diante desse contexto, torna-se fundamental desenvolver estrat\u00e9gias de cuidado com a sa\u00fade mental. Pequenas pausas ao longo do dia, por exemplo, contribuem para reduzir o estresse e melhorar a concentra\u00e7\u00e3o. A pr\u00e1tica de atividades f\u00edsicas e o estabelecimento de limites claros entre vida pessoal e profissional tamb\u00e9m s\u00e3o aliados importantes. Outro ponto essencial \u00e9 reconhecer os pr\u00f3prios limites: saber dizer \u201cn\u00e3o\u201d a demandas excessivas \u00e9 um exerc\u00edcio de preserva\u00e7\u00e3o. Quando perceber que n\u00e3o consegue lidar sozinho com o sofrimento emocional, tamb\u00e9m buscar ajuda profissional \u00e9 um passo importante e necess\u00e1rio.<\/p>\n\n\n\n<p>Al\u00e9m disso, cultivar redes de apoio \u2014 seja entre colegas de trabalho, amigos ou familiares \u2014 pode aliviar o peso das responsabilidades. A escuta e o compartilhamento de experi\u00eancias ajudam a ressignificar dificuldades e fortalecer o equil\u00edbrio emocional.<br>Resistir \u00e9 necess\u00e1rio, mas tamb\u00e9m \u00e9 preciso construir formas saud\u00e1veis de permanecer. Neste Dia do Trabalhador, que a valoriza\u00e7\u00e3o do trabalho caminhe lado a lado com o cuidado com quem o realiza. Afinal, nenhuma produtividade deve custar a sa\u00fade de quem produz.<\/p>\n\n\n\n<p>*Amanda Giomo Delalata \u00e9 psic\u00f3loga na cl\u00ednica filantr\u00f3pica Psico Benedita Fernandes<\/p>\n\n\n\n<p><\/p>\n","protected":false},"excerpt":{"rendered":"<p>*Amanda Giomo Delalata O Dia do Trabalhador, comemorado em todo 1\u00ba de maio, convida n\u00e3o apenas \u00e0 celebra\u00e7\u00e3o das conquistas hist\u00f3ricas da classe trabalhadora, mas tamb\u00e9m \u00e0 reflex\u00e3o sobre os desafios contempor\u00e2neos que atravessam o mundo do trabalho. Em um cen\u00e1rio marcado por r\u00e1pidas transforma\u00e7\u00f5es tecnol\u00f3gicas, flexibiliza\u00e7\u00e3o de v\u00ednculos e crescente instabilidade, o trabalhador enfrenta [&hellip;]<\/p>\n","protected":false},"author":1,"featured_media":2547,"comment_status":"open","ping_status":"open","sticky":false,"template":"","format":"standard","meta":{"footnotes":""},"categories":[1],"tags":[],"class_list":["post-2583","post","type-post","status-publish","format-standard","has-post-thumbnail","hentry","category-uncategorized"],"yoast_head":"<!-- This site is optimized with the Yoast SEO Premium plugin v27.2 (Yoast SEO v27.2) - https:\/\/yoast.com\/product\/yoast-seo-premium-wordpress\/ -->\n<title>Trabalho e sa\u00fade mental - Associa\u00e7\u00e3o das Senhoras Crist\u00e3s Benedita Fernandes<\/title>\n<meta name=\"robots\" content=\"index, follow, max-snippet:-1, max-image-preview:large, max-video-preview:-1\" \/>\n<link rel=\"canonical\" href=\"https:\/\/ascbeneditafernandes.com.br\/asc\/trabalho-e-saude-mental\/\" \/>\n<meta property=\"og:locale\" content=\"pt_BR\" \/>\n<meta property=\"og:type\" content=\"article\" \/>\n<meta property=\"og:title\" content=\"Trabalho e sa\u00fade mental\" \/>\n<meta property=\"og:description\" content=\"*Amanda Giomo Delalata O Dia do Trabalhador, comemorado em todo 1\u00ba de maio, convida n\u00e3o apenas \u00e0 celebra\u00e7\u00e3o das conquistas hist\u00f3ricas da classe trabalhadora, mas tamb\u00e9m \u00e0 reflex\u00e3o sobre os desafios contempor\u00e2neos que atravessam o mundo do trabalho. Em um cen\u00e1rio marcado por r\u00e1pidas transforma\u00e7\u00f5es tecnol\u00f3gicas, flexibiliza\u00e7\u00e3o de v\u00ednculos e crescente instabilidade, o trabalhador enfrenta [&hellip;]\" \/>\n<meta property=\"og:url\" content=\"https:\/\/ascbeneditafernandes.com.br\/asc\/trabalho-e-saude-mental\/\" \/>\n<meta property=\"og:site_name\" content=\"Associa\u00e7\u00e3o das Senhoras Crist\u00e3s Benedita Fernandes\" \/>\n<meta property=\"article:published_time\" content=\"2026-04-30T12:29:11+00:00\" \/>\n<meta property=\"article:modified_time\" content=\"2026-04-30T12:29:33+00:00\" \/>\n<meta property=\"og:image\" content=\"http:\/\/ascbeneditafernandes.com.br\/asc\/wp-content\/uploads\/2025\/10\/WhatsApp-Image-2025-10-20-at-09.39.11-e1760964289361.jpeg\" \/>\n\t<meta property=\"og:image:width\" content=\"1066\" \/>\n\t<meta property=\"og:image:height\" content=\"800\" \/>\n\t<meta property=\"og:image:type\" content=\"image\/jpeg\" \/>\n<meta name=\"author\" content=\"aschbf\" \/>\n<meta name=\"twitter:card\" content=\"summary_large_image\" \/>\n<meta name=\"twitter:label1\" content=\"Escrito por\" \/>\n\t<meta name=\"twitter:data1\" content=\"aschbf\" \/>\n\t<meta name=\"twitter:label2\" content=\"Est. tempo de leitura\" \/>\n\t<meta name=\"twitter:data2\" content=\"3 minutos\" \/>\n<script type=\"application\/ld+json\" class=\"yoast-schema-graph\">{\"@context\":\"https:\/\/schema.org\",\"@graph\":[{\"@type\":\"Article\",\"@id\":\"https:\/\/ascbeneditafernandes.com.br\/asc\/trabalho-e-saude-mental\/#article\",\"isPartOf\":{\"@id\":\"https:\/\/ascbeneditafernandes.com.br\/asc\/trabalho-e-saude-mental\/\"},\"author\":{\"name\":\"aschbf\",\"@id\":\"https:\/\/ascbeneditafernandes.com.br\/asc\/#\/schema\/person\/aee70720e599b4da54f82d396901aa43\"},\"headline\":\"Trabalho e sa\u00fade mental\",\"datePublished\":\"2026-04-30T12:29:11+00:00\",\"dateModified\":\"2026-04-30T12:29:33+00:00\",\"mainEntityOfPage\":{\"@id\":\"https:\/\/ascbeneditafernandes.com.br\/asc\/trabalho-e-saude-mental\/\"},\"wordCount\":381,\"commentCount\":0,\"publisher\":{\"@id\":\"https:\/\/ascbeneditafernandes.com.br\/asc\/#organization\"},\"image\":{\"@id\":\"https:\/\/ascbeneditafernandes.com.br\/asc\/trabalho-e-saude-mental\/#primaryimage\"},\"thumbnailUrl\":\"https:\/\/ascbeneditafernandes.com.br\/asc\/wp-content\/uploads\/2025\/10\/WhatsApp-Image-2025-10-20-at-09.39.11-e1760964289361.jpeg\",\"articleSection\":[\"Uncategorized\"],\"inLanguage\":\"pt-BR\",\"potentialAction\":[{\"@type\":\"CommentAction\",\"name\":\"Comment\",\"target\":[\"https:\/\/ascbeneditafernandes.com.br\/asc\/trabalho-e-saude-mental\/#respond\"]}]},{\"@type\":\"WebPage\",\"@id\":\"https:\/\/ascbeneditafernandes.com.br\/asc\/trabalho-e-saude-mental\/\",\"url\":\"https:\/\/ascbeneditafernandes.com.br\/asc\/trabalho-e-saude-mental\/\",\"name\":\"Trabalho e sa\u00fade mental - Associa\u00e7\u00e3o das Senhoras Crist\u00e3s Benedita Fernandes\",\"isPartOf\":{\"@id\":\"https:\/\/ascbeneditafernandes.com.br\/asc\/#website\"},\"primaryImageOfPage\":{\"@id\":\"https:\/\/ascbeneditafernandes.com.br\/asc\/trabalho-e-saude-mental\/#primaryimage\"},\"image\":{\"@id\":\"https:\/\/ascbeneditafernandes.com.br\/asc\/trabalho-e-saude-mental\/#primaryimage\"},\"thumbnailUrl\":\"https:\/\/ascbeneditafernandes.com.br\/asc\/wp-content\/uploads\/2025\/10\/WhatsApp-Image-2025-10-20-at-09.39.11-e1760964289361.jpeg\",\"datePublished\":\"2026-04-30T12:29:11+00:00\",\"dateModified\":\"2026-04-30T12:29:33+00:00\",\"breadcrumb\":{\"@id\":\"https:\/\/ascbeneditafernandes.com.br\/asc\/trabalho-e-saude-mental\/#breadcrumb\"},\"inLanguage\":\"pt-BR\",\"potentialAction\":[{\"@type\":\"ReadAction\",\"target\":[\"https:\/\/ascbeneditafernandes.com.br\/asc\/trabalho-e-saude-mental\/\"]}]},{\"@type\":\"ImageObject\",\"inLanguage\":\"pt-BR\",\"@id\":\"https:\/\/ascbeneditafernandes.com.br\/asc\/trabalho-e-saude-mental\/#primaryimage\",\"url\":\"https:\/\/ascbeneditafernandes.com.br\/asc\/wp-content\/uploads\/2025\/10\/WhatsApp-Image-2025-10-20-at-09.39.11-e1760964289361.jpeg\",\"contentUrl\":\"https:\/\/ascbeneditafernandes.com.br\/asc\/wp-content\/uploads\/2025\/10\/WhatsApp-Image-2025-10-20-at-09.39.11-e1760964289361.jpeg\",\"width\":1066,\"height\":800},{\"@type\":\"BreadcrumbList\",\"@id\":\"https:\/\/ascbeneditafernandes.com.br\/asc\/trabalho-e-saude-mental\/#breadcrumb\",\"itemListElement\":[{\"@type\":\"ListItem\",\"position\":1,\"name\":\"In\u00edcio\",\"item\":\"https:\/\/ascbeneditafernandes.com.br\/asc\/\"},{\"@type\":\"ListItem\",\"position\":2,\"name\":\"Trabalho e sa\u00fade mental\"}]},{\"@type\":\"WebSite\",\"@id\":\"https:\/\/ascbeneditafernandes.com.br\/asc\/#website\",\"url\":\"https:\/\/ascbeneditafernandes.com.br\/asc\/\",\"name\":\"Associa\u00e7\u00e3o das Senhoras Crist\u00e3s Benedita Fernandes\",\"description\":\"ASCBF\",\"publisher\":{\"@id\":\"https:\/\/ascbeneditafernandes.com.br\/asc\/#organization\"},\"potentialAction\":[{\"@type\":\"SearchAction\",\"target\":{\"@type\":\"EntryPoint\",\"urlTemplate\":\"https:\/\/ascbeneditafernandes.com.br\/asc\/?s={search_term_string}\"},\"query-input\":{\"@type\":\"PropertyValueSpecification\",\"valueRequired\":true,\"valueName\":\"search_term_string\"}}],\"inLanguage\":\"pt-BR\"},{\"@type\":\"Organization\",\"@id\":\"https:\/\/ascbeneditafernandes.com.br\/asc\/#organization\",\"name\":\"Associa\u00e7\u00e3o das Senhoras Crist\u00e3s Benedita Fernandes\",\"url\":\"https:\/\/ascbeneditafernandes.com.br\/asc\/\",\"logo\":{\"@type\":\"ImageObject\",\"inLanguage\":\"pt-BR\",\"@id\":\"https:\/\/ascbeneditafernandes.com.br\/asc\/#\/schema\/logo\/image\/\",\"url\":\"https:\/\/ascbeneditafernandes.com.br\/asc\/wp-content\/uploads\/2024\/04\/logo-ascbf.png\",\"contentUrl\":\"https:\/\/ascbeneditafernandes.com.br\/asc\/wp-content\/uploads\/2024\/04\/logo-ascbf.png\",\"width\":804,\"height\":110,\"caption\":\"Associa\u00e7\u00e3o das Senhoras Crist\u00e3s Benedita Fernandes\"},\"image\":{\"@id\":\"https:\/\/ascbeneditafernandes.com.br\/asc\/#\/schema\/logo\/image\/\"}},{\"@type\":\"Person\",\"@id\":\"https:\/\/ascbeneditafernandes.com.br\/asc\/#\/schema\/person\/aee70720e599b4da54f82d396901aa43\",\"name\":\"aschbf\",\"image\":{\"@type\":\"ImageObject\",\"inLanguage\":\"pt-BR\",\"@id\":\"https:\/\/ascbeneditafernandes.com.br\/asc\/wp-content\/litespeed\/avatar\/c779adcc9f7b1dee63a07623ea1e0ecd.jpg?ver=1777638939\",\"url\":\"https:\/\/ascbeneditafernandes.com.br\/asc\/wp-content\/litespeed\/avatar\/c779adcc9f7b1dee63a07623ea1e0ecd.jpg?ver=1777638939\",\"contentUrl\":\"https:\/\/ascbeneditafernandes.com.br\/asc\/wp-content\/litespeed\/avatar\/c779adcc9f7b1dee63a07623ea1e0ecd.jpg?ver=1777638939\",\"caption\":\"aschbf\"},\"sameAs\":[\"https:\/\/ascbeneditafernandes.com.br\/asc\"],\"url\":\"https:\/\/ascbeneditafernandes.com.br\/asc\/author\/aschbf\/\"}]}<\/script>\n<!-- \/ Yoast SEO Premium plugin. -->","yoast_head_json":{"title":"Trabalho e sa\u00fade mental - Associa\u00e7\u00e3o das Senhoras Crist\u00e3s Benedita Fernandes","robots":{"index":"index","follow":"follow","max-snippet":"max-snippet:-1","max-image-preview":"max-image-preview:large","max-video-preview":"max-video-preview:-1"},"canonical":"https:\/\/ascbeneditafernandes.com.br\/asc\/trabalho-e-saude-mental\/","og_locale":"pt_BR","og_type":"article","og_title":"Trabalho e sa\u00fade mental","og_description":"*Amanda Giomo Delalata O Dia do Trabalhador, comemorado em todo 1\u00ba de maio, convida n\u00e3o apenas \u00e0 celebra\u00e7\u00e3o das conquistas hist\u00f3ricas da classe trabalhadora, mas tamb\u00e9m \u00e0 reflex\u00e3o sobre os desafios contempor\u00e2neos que atravessam o mundo do trabalho. Em um cen\u00e1rio marcado por r\u00e1pidas transforma\u00e7\u00f5es tecnol\u00f3gicas, flexibiliza\u00e7\u00e3o de v\u00ednculos e crescente instabilidade, o trabalhador enfrenta [&hellip;]","og_url":"https:\/\/ascbeneditafernandes.com.br\/asc\/trabalho-e-saude-mental\/","og_site_name":"Associa\u00e7\u00e3o das Senhoras Crist\u00e3s Benedita Fernandes","article_published_time":"2026-04-30T12:29:11+00:00","article_modified_time":"2026-04-30T12:29:33+00:00","og_image":[{"width":1066,"height":800,"url":"http:\/\/ascbeneditafernandes.com.br\/asc\/wp-content\/uploads\/2025\/10\/WhatsApp-Image-2025-10-20-at-09.39.11-e1760964289361.jpeg","type":"image\/jpeg"}],"author":"aschbf","twitter_card":"summary_large_image","twitter_misc":{"Escrito por":"aschbf","Est. tempo de leitura":"3 minutos"},"schema":{"@context":"https:\/\/schema.org","@graph":[{"@type":"Article","@id":"https:\/\/ascbeneditafernandes.com.br\/asc\/trabalho-e-saude-mental\/#article","isPartOf":{"@id":"https:\/\/ascbeneditafernandes.com.br\/asc\/trabalho-e-saude-mental\/"},"author":{"name":"aschbf","@id":"https:\/\/ascbeneditafernandes.com.br\/asc\/#\/schema\/person\/aee70720e599b4da54f82d396901aa43"},"headline":"Trabalho e sa\u00fade mental","datePublished":"2026-04-30T12:29:11+00:00","dateModified":"2026-04-30T12:29:33+00:00","mainEntityOfPage":{"@id":"https:\/\/ascbeneditafernandes.com.br\/asc\/trabalho-e-saude-mental\/"},"wordCount":381,"commentCount":0,"publisher":{"@id":"https:\/\/ascbeneditafernandes.com.br\/asc\/#organization"},"image":{"@id":"https:\/\/ascbeneditafernandes.com.br\/asc\/trabalho-e-saude-mental\/#primaryimage"},"thumbnailUrl":"https:\/\/ascbeneditafernandes.com.br\/asc\/wp-content\/uploads\/2025\/10\/WhatsApp-Image-2025-10-20-at-09.39.11-e1760964289361.jpeg","articleSection":["Uncategorized"],"inLanguage":"pt-BR","potentialAction":[{"@type":"CommentAction","name":"Comment","target":["https:\/\/ascbeneditafernandes.com.br\/asc\/trabalho-e-saude-mental\/#respond"]}]},{"@type":"WebPage","@id":"https:\/\/ascbeneditafernandes.com.br\/asc\/trabalho-e-saude-mental\/","url":"https:\/\/ascbeneditafernandes.com.br\/asc\/trabalho-e-saude-mental\/","name":"Trabalho e sa\u00fade mental - Associa\u00e7\u00e3o das Senhoras Crist\u00e3s Benedita Fernandes","isPartOf":{"@id":"https:\/\/ascbeneditafernandes.com.br\/asc\/#website"},"primaryImageOfPage":{"@id":"https:\/\/ascbeneditafernandes.com.br\/asc\/trabalho-e-saude-mental\/#primaryimage"},"image":{"@id":"https:\/\/ascbeneditafernandes.com.br\/asc\/trabalho-e-saude-mental\/#primaryimage"},"thumbnailUrl":"https:\/\/ascbeneditafernandes.com.br\/asc\/wp-content\/uploads\/2025\/10\/WhatsApp-Image-2025-10-20-at-09.39.11-e1760964289361.jpeg","datePublished":"2026-04-30T12:29:11+00:00","dateModified":"2026-04-30T12:29:33+00:00","breadcrumb":{"@id":"https:\/\/ascbeneditafernandes.com.br\/asc\/trabalho-e-saude-mental\/#breadcrumb"},"inLanguage":"pt-BR","potentialAction":[{"@type":"ReadAction","target":["https:\/\/ascbeneditafernandes.com.br\/asc\/trabalho-e-saude-mental\/"]}]},{"@type":"ImageObject","inLanguage":"pt-BR","@id":"https:\/\/ascbeneditafernandes.com.br\/asc\/trabalho-e-saude-mental\/#primaryimage","url":"https:\/\/ascbeneditafernandes.com.br\/asc\/wp-content\/uploads\/2025\/10\/WhatsApp-Image-2025-10-20-at-09.39.11-e1760964289361.jpeg","contentUrl":"https:\/\/ascbeneditafernandes.com.br\/asc\/wp-content\/uploads\/2025\/10\/WhatsApp-Image-2025-10-20-at-09.39.11-e1760964289361.jpeg","width":1066,"height":800},{"@type":"BreadcrumbList","@id":"https:\/\/ascbeneditafernandes.com.br\/asc\/trabalho-e-saude-mental\/#breadcrumb","itemListElement":[{"@type":"ListItem","position":1,"name":"In\u00edcio","item":"https:\/\/ascbeneditafernandes.com.br\/asc\/"},{"@type":"ListItem","position":2,"name":"Trabalho e sa\u00fade mental"}]},{"@type":"WebSite","@id":"https:\/\/ascbeneditafernandes.com.br\/asc\/#website","url":"https:\/\/ascbeneditafernandes.com.br\/asc\/","name":"Associa\u00e7\u00e3o das Senhoras Crist\u00e3s Benedita Fernandes","description":"ASCBF","publisher":{"@id":"https:\/\/ascbeneditafernandes.com.br\/asc\/#organization"},"potentialAction":[{"@type":"SearchAction","target":{"@type":"EntryPoint","urlTemplate":"https:\/\/ascbeneditafernandes.com.br\/asc\/?s={search_term_string}"},"query-input":{"@type":"PropertyValueSpecification","valueRequired":true,"valueName":"search_term_string"}}],"inLanguage":"pt-BR"},{"@type":"Organization","@id":"https:\/\/ascbeneditafernandes.com.br\/asc\/#organization","name":"Associa\u00e7\u00e3o das Senhoras Crist\u00e3s Benedita Fernandes","url":"https:\/\/ascbeneditafernandes.com.br\/asc\/","logo":{"@type":"ImageObject","inLanguage":"pt-BR","@id":"https:\/\/ascbeneditafernandes.com.br\/asc\/#\/schema\/logo\/image\/","url":"https:\/\/ascbeneditafernandes.com.br\/asc\/wp-content\/uploads\/2024\/04\/logo-ascbf.png","contentUrl":"https:\/\/ascbeneditafernandes.com.br\/asc\/wp-content\/uploads\/2024\/04\/logo-ascbf.png","width":804,"height":110,"caption":"Associa\u00e7\u00e3o das Senhoras Crist\u00e3s Benedita Fernandes"},"image":{"@id":"https:\/\/ascbeneditafernandes.com.br\/asc\/#\/schema\/logo\/image\/"}},{"@type":"Person","@id":"https:\/\/ascbeneditafernandes.com.br\/asc\/#\/schema\/person\/aee70720e599b4da54f82d396901aa43","name":"aschbf","image":{"@type":"ImageObject","inLanguage":"pt-BR","@id":"https:\/\/ascbeneditafernandes.com.br\/asc\/wp-content\/litespeed\/avatar\/c779adcc9f7b1dee63a07623ea1e0ecd.jpg?ver=1777638939","url":"https:\/\/ascbeneditafernandes.com.br\/asc\/wp-content\/litespeed\/avatar\/c779adcc9f7b1dee63a07623ea1e0ecd.jpg?ver=1777638939","contentUrl":"https:\/\/ascbeneditafernandes.com.br\/asc\/wp-content\/litespeed\/avatar\/c779adcc9f7b1dee63a07623ea1e0ecd.jpg?ver=1777638939","caption":"aschbf"},"sameAs":["https:\/\/ascbeneditafernandes.com.br\/asc"],"url":"https:\/\/ascbeneditafernandes.com.br\/asc\/author\/aschbf\/"}]}},"_links":{"self":[{"href":"https:\/\/ascbeneditafernandes.com.br\/asc\/wp-json\/wp\/v2\/posts\/2583","targetHints":{"allow":["GET"]}}],"collection":[{"href":"https:\/\/ascbeneditafernandes.com.br\/asc\/wp-json\/wp\/v2\/posts"}],"about":[{"href":"https:\/\/ascbeneditafernandes.com.br\/asc\/wp-json\/wp\/v2\/types\/post"}],"author":[{"embeddable":true,"href":"https:\/\/ascbeneditafernandes.com.br\/asc\/wp-json\/wp\/v2\/users\/1"}],"replies":[{"embeddable":true,"href":"https:\/\/ascbeneditafernandes.com.br\/asc\/wp-json\/wp\/v2\/comments?post=2583"}],"version-history":[{"count":1,"href":"https:\/\/ascbeneditafernandes.com.br\/asc\/wp-json\/wp\/v2\/posts\/2583\/revisions"}],"predecessor-version":[{"id":2584,"href":"https:\/\/ascbeneditafernandes.com.br\/asc\/wp-json\/wp\/v2\/posts\/2583\/revisions\/2584"}],"wp:featuredmedia":[{"embeddable":true,"href":"https:\/\/ascbeneditafernandes.com.br\/asc\/wp-json\/wp\/v2\/media\/2547"}],"wp:attachment":[{"href":"https:\/\/ascbeneditafernandes.com.br\/asc\/wp-json\/wp\/v2\/media?parent=2583"}],"wp:term":[{"taxonomy":"category","embeddable":true,"href":"https:\/\/ascbeneditafernandes.com.br\/asc\/wp-json\/wp\/v2\/categories?post=2583"},{"taxonomy":"post_tag","embeddable":true,"href":"https:\/\/ascbeneditafernandes.com.br\/asc\/wp-json\/wp\/v2\/tags?post=2583"}],"curies":[{"name":"wp","href":"https:\/\/api.w.org\/{rel}","templated":true}]}}